{"id":16799,"date":"2025-08-18T09:41:36","date_gmt":"2025-08-18T07:41:36","guid":{"rendered":"https:\/\/moznostvolby.sk\/?p=16799"},"modified":"2025-08-18T09:46:51","modified_gmt":"2025-08-18T07:46:51","slug":"why-are-we-scared-of-feminism","status":"publish","type":"post","link":"https:\/\/moznostvolby.sk\/en\/why-are-we-scared-of-feminism\/","title":{"rendered":"Why are we scared of feminism?"},"content":{"rendered":"<div class=\"fusion-fullwidth fullwidth-box fusion-builder-row-1 fusion-flex-container nonhundred-percent-fullwidth non-hundred-percent-height-scrolling\" style=\"--awb-border-radius-top-left:0px;--awb-border-radius-top-right:0px;--awb-border-radius-bottom-right:0px;--awb-border-radius-bottom-left:0px;--awb-flex-wrap:wrap;\" ><div class=\"fusion-builder-row fusion-row fusion-flex-align-items-flex-start fusion-flex-content-wrap\" style=\"max-width:1248px;margin-left: calc(-4% \/ 2 );margin-right: calc(-4% \/ 2 );\"><div class=\"fusion-layout-column fusion_builder_column fusion-builder-column-0 fusion_builder_column_1_1 1_1 fusion-flex-column\" style=\"--awb-bg-size:cover;--awb-width-large:100%;--awb-margin-top-large:0px;--awb-spacing-right-large:1.92%;--awb-margin-bottom-large:0px;--awb-spacing-left-large:1.92%;--awb-width-medium:100%;--awb-spacing-right-medium:1.92%;--awb-spacing-left-medium:1.92%;--awb-width-small:100%;--awb-spacing-right-small:1.92%;--awb-spacing-left-small:1.92%;\"><div class=\"fusion-column-wrapper fusion-flex-justify-content-flex-start fusion-content-layout-column\"><div class=\"fusion-text fusion-text-1\"><p>Why are we scared of the word that gave women rights?<\/p>\n<h4 data-fontsize=\"24\" style=\"--fontSize: 24; line-height: 1.2;\" data-lineheight=\"28.8px\" class=\"fusion-responsive-typography-calculated\">A brief history<\/h4>\n<p>Feminism has long been a part of our daily discourse. The origins of the word &#8220;feminism&#8221; can be traced back to the 1830s when French philosopher and radical social utopian Charles Fourier first associated it with women\u2019s rights. Initially, &#8220;feminism&#8221; meant &#8220;feminine&#8221; or &#8220;related to women.&#8221; The term gained popularity in the Netherlands in 1872, Great Britain in the 1890s, and the United States in 1910. The definition of &#8220;feminism&#8221; is the advocacy of women\u2019s rights based on the equality of the sexes. This definition encompasses two key concepts: equality between the sexes and the promotion of women\u2019s rights. Equality of the sexes means that all human beings deserve equal rights, an equal voice in democracy, and equal protection under the law, regardless of sex or gender. <strong>The advocacy of women\u2019s rights acknowledges that women\u2019s rights have not been equal to men\u2019s rights.<\/strong> It includes equal rights to a job, respect, and not being viewed as objects. Women never wanted more privileges than men; they simply wanted what men had for years. Thereby, the goal of feminism is to achieve equity between men and women.<\/p>\n<p>Throughout the years, feminist movements gained women the right to work in the government, the right to vote, own property, keep children after divorce, serve on juries, attend schools, hold jobs, and assert their humanity. Women who play soccer, get credit cards without their husbands\u2019 signatures, and more have feminists to thank.<\/p>\n<h4 data-fontsize=\"24\" style=\"--fontSize: 24; line-height: 1.2;\" data-lineheight=\"28.8px\" class=\"fusion-responsive-typography-calculated\">&#8220;I&#8217;m not a typical feminist&#8230;&#8221;<\/h4>\n<p>Despite all achieved, feminism and feminists are today portrayed in the media through a negative lens. They are often labeled as man-hating, family-destroying, unattractive, and too radical in their beliefs. This leads to women being hesitant in identifying as feminists. In this article, we intend to explore, in our view, the main reasons why feminism is perceived as unfavourable these days. We encourage you to consider other factors as well.<\/p>\n<p>Foremost, there is no single definition of feminism. Therefore, people still struggle to understand what feminism means. It gives the freedom to interpret feminism under various lenses.<\/p>\n<p>Secondly, the media exerts a significant influence on individuals\u2019 perceptions, including their views on feminism. Right-leaning media often label feminists as aggressive and a threat to traditional values. Apart from that, the men\u2019s rights movement, which has existed since the 1970s, experienced a significant surge in popularity with the rise of TikTok. This rise was further propelled by the controversial American-British social media personality, Andrew Tate, whose content gained massive viral attention in 2022, particularly on TikTok. Tate has since become a prominent figure in promoting anti-feminist and \u00abmanosphere\u00bb discourse on social media, primarily targeting a younger male audience.<\/p>\n<h4 data-fontsize=\"24\" style=\"--fontSize: 24; line-height: 1.2;\" data-lineheight=\"28.8px\" class=\"fusion-responsive-typography-calculated\">Uncertain times and certain traditions<\/h4>\n<p>Similarly, lately, the &#8220;male-loneliness epidemic&#8221; has gained its popularity, claiming that feminists are the reason for men being &#8220;left out&#8221; and &#8220;unneeded&#8221;. Research conducted in 2025 by Ipsos (a multinational market research and consulting firm) highlights a significant divide among Gen Z men and women (the ages of approximately 13 and 28). <strong>Young men are more likely than any other generation to agree that &#8220;we have gone so far in promoting women&#8217;s equality that we are discriminating against men.&#8221; <\/strong>It is interesting to note that younger men are more likely to agree with this statement than older men.<\/p>\n<p><strong>We believe the \u2018revival\u2019 of the men\u2019s rights movement is due to men\u2019s fear of losing their status quo and privileges.<\/strong> Male college students interviewed by Gough and Peace (2000) universally viewed feminism as &#8220;dangerous and alienating to men&#8221;. Garc\u00eda-Favaro and Gill (2016) found online comments portraying feminists as man-haters, extremists, and fascists. Lopez et al. (2019) found that most tweets with the &#8220;feminism&#8221; hashtag on Twitter made negative statements about feminists\u2019 appearance, sexual behaviours, and misandry. Feminists were labelled as ugly, bitter, and foul-mouthed, while feminism was called a &#8220;hate movement&#8221;. Similar representations of feminists have been reported in studies nearly two decades apart, highlighting the persistence of this stereotype.<\/p>\n<p>As the results of Lopez&#8217;s survey show, feminists were portrayed as seeking superiority over men, promoting hatred of men, and selectively ignoring men\u2019s disadvantages to maintain their false narrative of male privilege. Some users argued that feminism was illegitimate because it didn\u2019t treat men and women equally, thus delegitimising it. However, this argument relied on a formal understanding of equality rather than a substantive one. In this understanding, any differential treatment between men and women could be framed as unjust, even when it aimed to resolve gender inequality. Some users promoted a conservative, separate-but-equal version of equality, where men and women should belong to separate spheres.<\/p>\n<p>There\u2019s more to this article, but we\u2019ll conclude here. We\u2019d like to end with Emma Watson\u2019s quote from the HeForShe Campaign 2014: &#8220;If men don\u2019t have to be aggressive to be accepted, women won\u2019t feel compelled to be submissive. If men don\u2019t have to control, women won\u2019t have to be controlled. It\u2019s not the word [feminism] that matters; it\u2019s the idea and ambition behind it.&#8221;<\/p>\n<\/p>\n<p><u>More to read<\/u><u> on the topic<\/u><u>:<\/u><\/p>\n<ul>\n<li>IPSOS, 2025. International Women&#8217;s Day 2025 (The survey on global attitudes towards gender equality). Find at: https:\/\/internationalwim.org\/iwim-reports\/international-womens-day-2025-ipsos\/<\/li>\n<li>AISTON, Jessica, 2023. Vicious, vitriolic, hateful and hypocritical\u2019: the representation of feminism within the manosphere. DOI: https:\/\/doi.org\/10.1080\/17405904.2023.2257816<\/li>\n<\/ul>\n<\/div><\/div><\/div><\/div><\/div>\n","protected":false},"excerpt":{"rendered":"","protected":false},"author":4,"featured_media":16813,"comment_status":"closed","ping_status":"open","sticky":false,"template":"","format":"standard","meta":{"footnotes":""},"categories":[124],"tags":[],"class_list":["post-16799","post","type-post","status-publish","format-standard","has-post-thumbnail","hentry","category-gender-roles"],"yoast_head":"<!-- This site is optimized with the Yoast SEO plugin v27.4 - https:\/\/yoast.com\/product\/yoast-seo-wordpress\/ -->\n<title>Why are we scared of feminism? - Mo\u017enos\u0165 vo\u013eby<\/title>\n<meta name=\"description\" content=\"Negative media perception of the movement is responsible. Men are fearing the loss of their status quo and privileges.\" \/>\n<meta name=\"robots\" content=\"index, follow, max-snippet:-1, max-image-preview:large, max-video-preview:-1\" \/>\n<link rel=\"canonical\" href=\"https:\/\/moznostvolby.sk\/en\/why-are-we-scared-of-feminism\/\" \/>\n<meta property=\"og:locale\" content=\"en_US\" \/>\n<meta property=\"og:type\" content=\"article\" \/>\n<meta property=\"og:title\" content=\"Why are we scared of feminism? - Mo\u017enos\u0165 vo\u013eby\" \/>\n<meta property=\"og:description\" content=\"Negative media perception of the movement is responsible. Men are fearing the loss of their status quo and privileges.\" \/>\n<meta property=\"og:url\" content=\"https:\/\/moznostvolby.sk\/en\/why-are-we-scared-of-feminism\/\" \/>\n<meta property=\"og:site_name\" content=\"Mo\u017enos\u0165 vo\u013eby\" \/>\n<meta property=\"article:published_time\" content=\"2025-08-18T07:41:36+00:00\" \/>\n<meta property=\"article:modified_time\" content=\"2025-08-18T07:46:51+00:00\" \/>\n<meta property=\"og:image\" content=\"https:\/\/moznostvolby.sk\/wp-content\/uploads\/2025\/08\/web-english-thumbnails-3.jpg\" \/>\n\t<meta property=\"og:image:width\" content=\"940\" \/>\n\t<meta property=\"og:image:height\" content=\"788\" \/>\n\t<meta property=\"og:image:type\" content=\"image\/jpeg\" \/>\n<meta name=\"author\" content=\"Mo\u017enos\u0165 vo\u013eby\" \/>\n<meta name=\"twitter:card\" content=\"summary_large_image\" \/>\n<meta name=\"twitter:label1\" content=\"Written by\" \/>\n\t<meta name=\"twitter:data1\" content=\"Mo\u017enos\u0165 vo\u013eby\" \/>\n\t<meta name=\"twitter:label2\" content=\"Est. reading time\" \/>\n\t<meta name=\"twitter:data2\" content=\"5 minutes\" \/>\n<script type=\"application\/ld+json\" class=\"yoast-schema-graph\">{\"@context\":\"https:\\\/\\\/schema.org\",\"@graph\":[{\"@type\":\"Article\",\"@id\":\"https:\\\/\\\/moznostvolby.sk\\\/en\\\/why-are-we-scared-of-feminism\\\/#article\",\"isPartOf\":{\"@id\":\"https:\\\/\\\/moznostvolby.sk\\\/en\\\/why-are-we-scared-of-feminism\\\/\"},\"author\":{\"name\":\"Mo\u017enos\u0165 vo\u013eby\",\"@id\":\"https:\\\/\\\/moznostvolby.sk\\\/en\\\/#\\\/schema\\\/person\\\/b655343c78202ce76f392c68e6384a9b\"},\"headline\":\"Why are we scared of feminism?\",\"datePublished\":\"2025-08-18T07:41:36+00:00\",\"dateModified\":\"2025-08-18T07:46:51+00:00\",\"mainEntityOfPage\":{\"@id\":\"https:\\\/\\\/moznostvolby.sk\\\/en\\\/why-are-we-scared-of-feminism\\\/\"},\"wordCount\":1011,\"image\":{\"@id\":\"https:\\\/\\\/moznostvolby.sk\\\/en\\\/why-are-we-scared-of-feminism\\\/#primaryimage\"},\"thumbnailUrl\":\"https:\\\/\\\/moznostvolby.sk\\\/wp-content\\\/uploads\\\/2025\\\/08\\\/web-english-thumbnails-3.jpg\",\"articleSection\":[\"Gender roles\"],\"inLanguage\":\"en-US\"},{\"@type\":\"WebPage\",\"@id\":\"https:\\\/\\\/moznostvolby.sk\\\/en\\\/why-are-we-scared-of-feminism\\\/\",\"url\":\"https:\\\/\\\/moznostvolby.sk\\\/en\\\/why-are-we-scared-of-feminism\\\/\",\"name\":\"Why are we scared of feminism? - Mo\u017enos\u0165 vo\u013eby\",\"isPartOf\":{\"@id\":\"https:\\\/\\\/moznostvolby.sk\\\/en\\\/#website\"},\"primaryImageOfPage\":{\"@id\":\"https:\\\/\\\/moznostvolby.sk\\\/en\\\/why-are-we-scared-of-feminism\\\/#primaryimage\"},\"image\":{\"@id\":\"https:\\\/\\\/moznostvolby.sk\\\/en\\\/why-are-we-scared-of-feminism\\\/#primaryimage\"},\"thumbnailUrl\":\"https:\\\/\\\/moznostvolby.sk\\\/wp-content\\\/uploads\\\/2025\\\/08\\\/web-english-thumbnails-3.jpg\",\"datePublished\":\"2025-08-18T07:41:36+00:00\",\"dateModified\":\"2025-08-18T07:46:51+00:00\",\"author\":{\"@id\":\"https:\\\/\\\/moznostvolby.sk\\\/en\\\/#\\\/schema\\\/person\\\/b655343c78202ce76f392c68e6384a9b\"},\"description\":\"Negative media perception of the movement is responsible. Men are fearing the loss of their status quo and privileges.\",\"breadcrumb\":{\"@id\":\"https:\\\/\\\/moznostvolby.sk\\\/en\\\/why-are-we-scared-of-feminism\\\/#breadcrumb\"},\"inLanguage\":\"en-US\",\"potentialAction\":[{\"@type\":\"ReadAction\",\"target\":[\"https:\\\/\\\/moznostvolby.sk\\\/en\\\/why-are-we-scared-of-feminism\\\/\"]}]},{\"@type\":\"ImageObject\",\"inLanguage\":\"en-US\",\"@id\":\"https:\\\/\\\/moznostvolby.sk\\\/en\\\/why-are-we-scared-of-feminism\\\/#primaryimage\",\"url\":\"https:\\\/\\\/moznostvolby.sk\\\/wp-content\\\/uploads\\\/2025\\\/08\\\/web-english-thumbnails-3.jpg\",\"contentUrl\":\"https:\\\/\\\/moznostvolby.sk\\\/wp-content\\\/uploads\\\/2025\\\/08\\\/web-english-thumbnails-3.jpg\",\"width\":940,\"height\":788,\"caption\":\"why are we scared of feminism\"},{\"@type\":\"BreadcrumbList\",\"@id\":\"https:\\\/\\\/moznostvolby.sk\\\/en\\\/why-are-we-scared-of-feminism\\\/#breadcrumb\",\"itemListElement\":[{\"@type\":\"ListItem\",\"position\":1,\"name\":\"Home\",\"item\":\"https:\\\/\\\/moznostvolby.sk\\\/en\\\/\"},{\"@type\":\"ListItem\",\"position\":2,\"name\":\"Gender roles\",\"item\":\"https:\\\/\\\/moznostvolby.sk\\\/en\\\/category\\\/gender-roles\\\/\"},{\"@type\":\"ListItem\",\"position\":3,\"name\":\"Why are we scared of feminism?\"}]},{\"@type\":\"WebSite\",\"@id\":\"https:\\\/\\\/moznostvolby.sk\\\/en\\\/#website\",\"url\":\"https:\\\/\\\/moznostvolby.sk\\\/en\\\/\",\"name\":\"Mo\u017enos\u0165 vo\u013eby\",\"description\":\"\u013dudsk\u00e9 pr\u00e1va \u017eien, feminizmus a rodov\u00e1 rovnos\u0165\",\"potentialAction\":[{\"@type\":\"SearchAction\",\"target\":{\"@type\":\"EntryPoint\",\"urlTemplate\":\"https:\\\/\\\/moznostvolby.sk\\\/en\\\/?s={search_term_string}\"},\"query-input\":{\"@type\":\"PropertyValueSpecification\",\"valueRequired\":true,\"valueName\":\"search_term_string\"}}],\"inLanguage\":\"en-US\"},{\"@type\":\"Person\",\"@id\":\"https:\\\/\\\/moznostvolby.sk\\\/en\\\/#\\\/schema\\\/person\\\/b655343c78202ce76f392c68e6384a9b\",\"name\":\"Mo\u017enos\u0165 vo\u013eby\",\"image\":{\"@type\":\"ImageObject\",\"inLanguage\":\"en-US\",\"@id\":\"https:\\\/\\\/secure.gravatar.com\\\/avatar\\\/c6d3bc0a174c30f949a41c0648b07711cfb8b64d15c4db65cdc7098117f50e0b?s=96&d=mm&r=g\",\"url\":\"https:\\\/\\\/secure.gravatar.com\\\/avatar\\\/c6d3bc0a174c30f949a41c0648b07711cfb8b64d15c4db65cdc7098117f50e0b?s=96&d=mm&r=g\",\"contentUrl\":\"https:\\\/\\\/secure.gravatar.com\\\/avatar\\\/c6d3bc0a174c30f949a41c0648b07711cfb8b64d15c4db65cdc7098117f50e0b?s=96&d=mm&r=g\",\"caption\":\"Mo\u017enos\u0165 vo\u013eby\"}}]}<\/script>\n<!-- \/ Yoast SEO plugin. -->","yoast_head_json":{"title":"Why are we scared of feminism? - Mo\u017enos\u0165 vo\u013eby","description":"Negative media perception of the movement is responsible. Men are fearing the loss of their status quo and privileges.","robots":{"index":"index","follow":"follow","max-snippet":"max-snippet:-1","max-image-preview":"max-image-preview:large","max-video-preview":"max-video-preview:-1"},"canonical":"https:\/\/moznostvolby.sk\/en\/why-are-we-scared-of-feminism\/","og_locale":"en_US","og_type":"article","og_title":"Why are we scared of feminism? - Mo\u017enos\u0165 vo\u013eby","og_description":"Negative media perception of the movement is responsible. Men are fearing the loss of their status quo and privileges.","og_url":"https:\/\/moznostvolby.sk\/en\/why-are-we-scared-of-feminism\/","og_site_name":"Mo\u017enos\u0165 vo\u013eby","article_published_time":"2025-08-18T07:41:36+00:00","article_modified_time":"2025-08-18T07:46:51+00:00","og_image":[{"width":940,"height":788,"url":"https:\/\/moznostvolby.sk\/wp-content\/uploads\/2025\/08\/web-english-thumbnails-3.jpg","type":"image\/jpeg"}],"author":"Mo\u017enos\u0165 vo\u013eby","twitter_card":"summary_large_image","twitter_misc":{"Written by":"Mo\u017enos\u0165 vo\u013eby","Est. reading time":"5 minutes"},"schema":{"@context":"https:\/\/schema.org","@graph":[{"@type":"Article","@id":"https:\/\/moznostvolby.sk\/en\/why-are-we-scared-of-feminism\/#article","isPartOf":{"@id":"https:\/\/moznostvolby.sk\/en\/why-are-we-scared-of-feminism\/"},"author":{"name":"Mo\u017enos\u0165 vo\u013eby","@id":"https:\/\/moznostvolby.sk\/en\/#\/schema\/person\/b655343c78202ce76f392c68e6384a9b"},"headline":"Why are we scared of feminism?","datePublished":"2025-08-18T07:41:36+00:00","dateModified":"2025-08-18T07:46:51+00:00","mainEntityOfPage":{"@id":"https:\/\/moznostvolby.sk\/en\/why-are-we-scared-of-feminism\/"},"wordCount":1011,"image":{"@id":"https:\/\/moznostvolby.sk\/en\/why-are-we-scared-of-feminism\/#primaryimage"},"thumbnailUrl":"https:\/\/moznostvolby.sk\/wp-content\/uploads\/2025\/08\/web-english-thumbnails-3.jpg","articleSection":["Gender roles"],"inLanguage":"en-US"},{"@type":"WebPage","@id":"https:\/\/moznostvolby.sk\/en\/why-are-we-scared-of-feminism\/","url":"https:\/\/moznostvolby.sk\/en\/why-are-we-scared-of-feminism\/","name":"Why are we scared of feminism? - Mo\u017enos\u0165 vo\u013eby","isPartOf":{"@id":"https:\/\/moznostvolby.sk\/en\/#website"},"primaryImageOfPage":{"@id":"https:\/\/moznostvolby.sk\/en\/why-are-we-scared-of-feminism\/#primaryimage"},"image":{"@id":"https:\/\/moznostvolby.sk\/en\/why-are-we-scared-of-feminism\/#primaryimage"},"thumbnailUrl":"https:\/\/moznostvolby.sk\/wp-content\/uploads\/2025\/08\/web-english-thumbnails-3.jpg","datePublished":"2025-08-18T07:41:36+00:00","dateModified":"2025-08-18T07:46:51+00:00","author":{"@id":"https:\/\/moznostvolby.sk\/en\/#\/schema\/person\/b655343c78202ce76f392c68e6384a9b"},"description":"Negative media perception of the movement is responsible. Men are fearing the loss of their status quo and privileges.","breadcrumb":{"@id":"https:\/\/moznostvolby.sk\/en\/why-are-we-scared-of-feminism\/#breadcrumb"},"inLanguage":"en-US","potentialAction":[{"@type":"ReadAction","target":["https:\/\/moznostvolby.sk\/en\/why-are-we-scared-of-feminism\/"]}]},{"@type":"ImageObject","inLanguage":"en-US","@id":"https:\/\/moznostvolby.sk\/en\/why-are-we-scared-of-feminism\/#primaryimage","url":"https:\/\/moznostvolby.sk\/wp-content\/uploads\/2025\/08\/web-english-thumbnails-3.jpg","contentUrl":"https:\/\/moznostvolby.sk\/wp-content\/uploads\/2025\/08\/web-english-thumbnails-3.jpg","width":940,"height":788,"caption":"why are we scared of feminism"},{"@type":"BreadcrumbList","@id":"https:\/\/moznostvolby.sk\/en\/why-are-we-scared-of-feminism\/#breadcrumb","itemListElement":[{"@type":"ListItem","position":1,"name":"Home","item":"https:\/\/moznostvolby.sk\/en\/"},{"@type":"ListItem","position":2,"name":"Gender roles","item":"https:\/\/moznostvolby.sk\/en\/category\/gender-roles\/"},{"@type":"ListItem","position":3,"name":"Why are we scared of feminism?"}]},{"@type":"WebSite","@id":"https:\/\/moznostvolby.sk\/en\/#website","url":"https:\/\/moznostvolby.sk\/en\/","name":"Mo\u017enos\u0165 vo\u013eby","description":"\u013dudsk\u00e9 pr\u00e1va \u017eien, feminizmus a rodov\u00e1 rovnos\u0165","potentialAction":[{"@type":"SearchAction","target":{"@type":"EntryPoint","urlTemplate":"https:\/\/moznostvolby.sk\/en\/?s={search_term_string}"},"query-input":{"@type":"PropertyValueSpecification","valueRequired":true,"valueName":"search_term_string"}}],"inLanguage":"en-US"},{"@type":"Person","@id":"https:\/\/moznostvolby.sk\/en\/#\/schema\/person\/b655343c78202ce76f392c68e6384a9b","name":"Mo\u017enos\u0165 vo\u013eby","image":{"@type":"ImageObject","inLanguage":"en-US","@id":"https:\/\/secure.gravatar.com\/avatar\/c6d3bc0a174c30f949a41c0648b07711cfb8b64d15c4db65cdc7098117f50e0b?s=96&d=mm&r=g","url":"https:\/\/secure.gravatar.com\/avatar\/c6d3bc0a174c30f949a41c0648b07711cfb8b64d15c4db65cdc7098117f50e0b?s=96&d=mm&r=g","contentUrl":"https:\/\/secure.gravatar.com\/avatar\/c6d3bc0a174c30f949a41c0648b07711cfb8b64d15c4db65cdc7098117f50e0b?s=96&d=mm&r=g","caption":"Mo\u017enos\u0165 vo\u013eby"}}]}},"_links":{"self":[{"href":"https:\/\/moznostvolby.sk\/en\/wp-json\/wp\/v2\/posts\/16799","targetHints":{"allow":["GET"]}}],"collection":[{"href":"https:\/\/moznostvolby.sk\/en\/wp-json\/wp\/v2\/posts"}],"about":[{"href":"https:\/\/moznostvolby.sk\/en\/wp-json\/wp\/v2\/types\/post"}],"author":[{"embeddable":true,"href":"https:\/\/moznostvolby.sk\/en\/wp-json\/wp\/v2\/users\/4"}],"replies":[{"embeddable":true,"href":"https:\/\/moznostvolby.sk\/en\/wp-json\/wp\/v2\/comments?post=16799"}],"version-history":[{"count":2,"href":"https:\/\/moznostvolby.sk\/en\/wp-json\/wp\/v2\/posts\/16799\/revisions"}],"predecessor-version":[{"id":16819,"href":"https:\/\/moznostvolby.sk\/en\/wp-json\/wp\/v2\/posts\/16799\/revisions\/16819"}],"wp:featuredmedia":[{"embeddable":true,"href":"https:\/\/moznostvolby.sk\/en\/wp-json\/wp\/v2\/media\/16813"}],"wp:attachment":[{"href":"https:\/\/moznostvolby.sk\/en\/wp-json\/wp\/v2\/media?parent=16799"}],"wp:term":[{"taxonomy":"category","embeddable":true,"href":"https:\/\/moznostvolby.sk\/en\/wp-json\/wp\/v2\/categories?post=16799"},{"taxonomy":"post_tag","embeddable":true,"href":"https:\/\/moznostvolby.sk\/en\/wp-json\/wp\/v2\/tags?post=16799"}],"curies":[{"name":"wp","href":"https:\/\/api.w.org\/{rel}","templated":true}]}}